{"id":1292,"date":"2024-12-01T17:53:49","date_gmt":"2024-12-01T17:53:49","guid":{"rendered":"https:\/\/www.nadiabirkenstock.com\/de\/?p=1292"},"modified":"2025-01-30T11:34:13","modified_gmt":"2025-01-30T11:34:13","slug":"a-light-so-bright-das-neue-weihnachtsalbum","status":"publish","type":"post","link":"https:\/\/www.nadiabirkenstock.com\/de\/a-light-so-bright-das-neue-weihnachtsalbum\/","title":{"rendered":"&#8222;A Light So Bright&#8220; &#8211; Das neue Weihnachtsalbum"},"content":{"rendered":"<p>[et_pb_section fb_built=&#8220;1&#8243; _builder_version=&#8220;4.22.1&#8243; _module_preset=&#8220;default&#8220; global_colors_info=&#8220;{}&#8220;][et_pb_row _builder_version=&#8220;4.22.1&#8243; _module_preset=&#8220;default&#8220; custom_margin=&#8220;|auto|1px|auto||&#8220; locked=&#8220;off&#8220; global_colors_info=&#8220;{}&#8220;][et_pb_column type=&#8220;4_4&#8243; _builder_version=&#8220;4.22.1&#8243; _module_preset=&#8220;default&#8220; global_colors_info=&#8220;{}&#8220;][et_pb_testimonial _builder_version=&#8220;4.22.1&#8243; _module_preset=&#8220;default&#8220; body_font=&#8220;||on||||||&#8220; body_text_color=&#8220;#992800&#8243; custom_margin=&#8220;||7px|||&#8220; custom_padding=&#8220;||0px||false|false&#8220; link_option_url=&#8220;https:\/\/folker.world\/rezensionen\/audio\/nadia-birkenstock\/&#8220; link_option_url_new_window=&#8220;on&#8220; global_colors_info=&#8220;{}&#8220;]<\/p>\n<h4><span style=\"color: #993300;\"><em><span style=\"vertical-align: inherit;\">&#8222;So etwas wie ein &#8218;perfektes Album&#8216; gibt es selten. Das neue Weihnachtsalbum der deutschen S\u00e4ngerin und Harfenvirtuosin Nadia Birkenstock kommt dem sehr nah.&#8220;<\/span><\/em><\/span><\/h4>\n<p><strong><span style=\"color: #993300;\">folker.world<\/span><br \/><\/strong><\/p>\n<p>[\/et_pb_testimonial][\/et_pb_column][\/et_pb_row][et_pb_row _builder_version=&#8220;4.22.1&#8243; _module_preset=&#8220;default&#8220;][et_pb_column _builder_version=&#8220;4.22.1&#8243; _module_preset=&#8220;default&#8220; type=&#8220;4_4&#8243;][et_pb_image src=&#8220;https:\/\/www.nadiabirkenstock.com\/de\/wp-content\/uploads\/sites\/2\/2025\/01\/Social-Media-Landscape_PdSK.jpeg&#8220; _builder_version=&#8220;4.22.1&#8243; _module_preset=&#8220;default&#8220; alt=&#8220;Social Media Landscape_PdSK&#8220; title_text=&#8220;Social Media Landscape_PdSK&#8220; hover_enabled=&#8220;0&#8243; sticky_enabled=&#8220;0&#8243; url=&#8220;https:\/\/www.schallplattenkritik.de\/bestenlisten\/longlist\/longlist-1-2025&#8243; url_new_window=&#8220;on&#8220;][\/et_pb_image][\/et_pb_column][\/et_pb_row][et_pb_row _builder_version=&#8220;4.22.1&#8243; _module_preset=&#8220;default&#8220; custom_padding=&#8220;0px|||||&#8220; global_colors_info=&#8220;{}&#8220;][et_pb_column type=&#8220;4_4&#8243; _builder_version=&#8220;4.22.1&#8243; _module_preset=&#8220;default&#8220; global_colors_info=&#8220;{}&#8220;][et_pb_text _builder_version=&#8220;4.22.1&#8243; _module_preset=&#8220;default&#8220; text_font_size=&#8220;16px&#8220; global_colors_info=&#8220;{}&#8220;]<\/p>\n<p>\u201eA Light So Bright\u201c ist nach \u201eWinter Tales\u201c das langerwartete zweite Weihnachtsalbum der deutschen Harfenistin und S\u00e4ngerin Nadia Birkenstock.<br \/>Aufgenommen wurde es im Sommer 2024 im Studio von <a href=\"https:\/\/studio.kleeworld.de\/index.html\" target=\"_blank\" rel=\"noopener\">Ralf Kleemann<\/a>, selbst Harfenist, der sich auf hochwertige Harfenaufnahmen spezialisiert hat und bereits auf eine gro\u00dfe Reihe von CD-Produktionen mit K\u00fcnstlern der deutschen und internationalen Harfenszene aus verschiedenen Genres zur\u00fcckblicken kann.<\/p>\n<p>Das Repertoire des Albums mit 14 Titeln und einer Gesamtspielzeit von 55 Minuten ist eine Sammlung aus Liedern und Instrumentalst\u00fccken aus Irland (\u201eWexford Carol\u201c), Wales (\u201eGower Wassail\u201c), Frankreich (\u201eIl est n\u00e9 le divin enfant\u201c) und Deutschland (\u201eDie Nacht ist vorgedrungen\u201c) sowie eigenen Kompositionen von Nadia Birkenstock im neoklassischen Stil (\u201eFirst Snow\u201c) und traditionellen Stil (\u201eThe Wren in the Wreath\u201c).<br \/>Lieder wechseln sich ab mit Instrumentalst\u00fccken in ausgefeilten Arrangements f\u00fcr Soloharfe und Harfenduo sowie zus\u00e4tzliche Instrumente.<br \/>Als Gastmusiker konnten der Fingerstyle-Gitarrist Jens Kommnick, die franz\u00f6sische Cellistin Roxane Genot und Multi-Instrumentalist Ralf Kleemann mit Querfl\u00f6te, Low Whistle und Percussion gewonnen werden.<\/p>\n<p>Nadia Birkenstock sagt \u00fcber ihr Album: \u201eDie Idee zu \u201eA Light So Bright\u201c ist in gewisser Weise sehr organisch gewachsen. Einige Lieder dieser CD begleiten mich schon seit vielen Jahren. Andere Kompositionen und Arrangements des Albums sind in unmittelbarer N\u00e4he des im Wald gelegenen Aufnahmestudios entstanden. Etwa, wenn ein Zaunk\u00f6nig im Fr\u00fchling sein Nest in einen vergessenen Weihnachtskranz baut (\u201eThe Wren in the Wreath\u201c) oder ich aus meinem Harfenstudio in den Wald mit Efeu und Ilex blicken kann, um ein Arrangement zu schreiben (\u201eThe Holly and the Ivy\u201c.)\u201c<\/p>\n<p>Die CD im Digipack-Format mit 12-seitigem Booklet ist bestellbar auf <a href=\"https:\/\/www.nadiabirkenstock.com\/shop\/de\/produkt\/cd-a-light-so-bright\/\">www.nadiabirkenstock.com\/shop<\/a><br \/>und erh\u00e4ltlich als Download- und Streamingversion auf allen g\u00e4ngigen Portalen.<\/p>\n<p>[\/et_pb_text][\/et_pb_column][\/et_pb_row][et_pb_row _builder_version=&#8220;4.22.1&#8243; _module_preset=&#8220;default&#8220; global_colors_info=&#8220;{}&#8220;][et_pb_column type=&#8220;4_4&#8243; _builder_version=&#8220;4.22.1&#8243; _module_preset=&#8220;default&#8220; global_colors_info=&#8220;{}&#8220;][et_pb_button button_url=&#8220;https:\/\/www.nadiabirkenstock.com\/shop\/de\/produkt\/cd-a-light-so-bright\/&#8220; url_new_window=&#8220;on&#8220; button_text=&#8220;CD im Shop bestellen&#8220; _builder_version=&#8220;4.22.1&#8243; _module_preset=&#8220;default&#8220; box_shadow_style=&#8220;preset6&#8243; box_shadow_horizontal=&#8220;-10px&#8220; global_colors_info=&#8220;{}&#8220;][\/et_pb_button][\/et_pb_column][\/et_pb_row][et_pb_row column_structure=&#8220;1_2,1_2&#8243; _builder_version=&#8220;4.22.1&#8243; _module_preset=&#8220;default&#8220; global_colors_info=&#8220;{}&#8220;][et_pb_column type=&#8220;1_2&#8243; _builder_version=&#8220;4.22.1&#8243; _module_preset=&#8220;default&#8220; global_colors_info=&#8220;{}&#8220;][et_pb_text _builder_version=&#8220;4.22.1&#8243; _module_preset=&#8220;default&#8220; global_colors_info=&#8220;{}&#8220;]<\/p>\n<p><strong>A Light So Bright<br \/><\/strong>K\u00fcnstlerin: Nadia Birkenstock<br \/>V\u00d6 CD: 01.11.2024<br \/>V\u00d6 Streaming &amp; Download: 29.11.2024<br \/>Label: Adriana-Records, LC 101990<\/p>\n<p><strong>Musiker:<br \/><\/strong>Nadia Birkenstock \u2013 Harfe, Gesang<br \/>Jens Kommnick \u2013 Gitarre<br \/>Roxane Genot \u2013 Violoncello<br \/>Ralf Kleemann \u2013 Querfl\u00f6te, Low Whistle,<br \/>Percussion<\/p>\n<p>[\/et_pb_text][\/et_pb_column][et_pb_column type=&#8220;1_2&#8243; _builder_version=&#8220;4.22.1&#8243; _module_preset=&#8220;default&#8220; global_colors_info=&#8220;{}&#8220;][et_pb_image src=&#8220;https:\/\/www.nadiabirkenstock.com\/de\/wp-content\/uploads\/sites\/2\/2025\/01\/A-Light-So-Bright_Cover_PdSK-scaled.jpg&#8220; alt=&#8220;A Light So Bright_Cover_PdSK&#8220; title_text=&#8220;A Light So Bright_Cover_PdSK&#8220; _builder_version=&#8220;4.22.1&#8243; _module_preset=&#8220;default&#8220; global_colors_info=&#8220;{}&#8220;][\/et_pb_image][\/et_pb_column][\/et_pb_row][et_pb_row _builder_version=&#8220;4.22.1&#8243; _module_preset=&#8220;default&#8220; global_colors_info=&#8220;{}&#8220;][et_pb_column type=&#8220;4_4&#8243; _builder_version=&#8220;4.22.1&#8243; _module_preset=&#8220;default&#8220; global_colors_info=&#8220;{}&#8220;][et_pb_code _builder_version=&#8220;4.22.1&#8243; _module_preset=&#8220;default&#8220; min_height=&#8220;348.6px&#8220; global_colors_info=&#8220;{}&#8220;]<iframe style=\"border-radius:12px\" src=\"https:\/\/open.spotify.com\/embed\/album\/7FLXuSeCWERWkWOXHY3NnE?utm_source=generator\" width=\"100%\" height=\"352\" frameBorder=\"0\" allowfullscreen=\"\" allow=\"autoplay; clipboard-write; encrypted-media; fullscreen; picture-in-picture\" loading=\"lazy\"><\/iframe>[\/et_pb_code][\/et_pb_column][\/et_pb_row][et_pb_row _builder_version=&#8220;4.22.1&#8243; _module_preset=&#8220;default&#8220; global_colors_info=&#8220;{}&#8220;][et_pb_column type=&#8220;4_4&#8243; _builder_version=&#8220;4.22.1&#8243; _module_preset=&#8220;default&#8220; global_colors_info=&#8220;{}&#8220;][et_pb_image src=&#8220;https:\/\/www.nadiabirkenstock.com\/de\/wp-content\/uploads\/sites\/2\/2024\/12\/Folker-Rezension_A-Light-So-Bright_D.jpeg&#8220; alt=&#8220;Folker Rezension_A Light So Bright_D&#8220; title_text=&#8220;Folker Rezension_A Light So Bright_D&#8220; url=&#8220;https:\/\/folker.world\/rezensionen\/audio\/nadia-birkenstock\/&#8220; _builder_version=&#8220;4.22.1&#8243; _module_preset=&#8220;default&#8220; global_colors_info=&#8220;{}&#8220;][\/et_pb_image][\/et_pb_column][\/et_pb_row][et_pb_row _builder_version=&#8220;4.22.1&#8243; _module_preset=&#8220;default&#8220;][et_pb_column _builder_version=&#8220;4.22.1&#8243; _module_preset=&#8220;default&#8220; type=&#8220;4_4&#8243;][et_pb_image src=&#8220;https:\/\/www.nadiabirkenstock.com\/de\/wp-content\/uploads\/sites\/2\/2025\/01\/WDR-Scala_A-Light-So-Bright.jpeg&#8220; _builder_version=&#8220;4.22.1&#8243; _module_preset=&#8220;default&#8220; alt=&#8220;WDR Scala&#8220; title_text=&#8220;WDR Scala&#8220; url=&#8220;https:\/\/www1.wdr.de\/mediathek\/audio\/wdr5\/wdr5-scala-aktuelle-kultur\/nadia-birkenstock-a-light-so-bright-100.html&#8220; url_new_window=&#8220;on&#8220; hover_enabled=&#8220;0&#8243; sticky_enabled=&#8220;0&#8243;][\/et_pb_image][\/et_pb_column][\/et_pb_row][et_pb_row column_structure=&#8220;1_2,1_2&#8243; _builder_version=&#8220;4.22.1&#8243; _module_preset=&#8220;default&#8220; min_height=&#8220;514.3px&#8220; custom_margin=&#8220;|auto|11px|auto||&#8220; global_colors_info=&#8220;{}&#8220;][et_pb_column type=&#8220;1_2&#8243; _builder_version=&#8220;4.22.1&#8243; _module_preset=&#8220;default&#8220; global_colors_info=&#8220;{}&#8220;][et_pb_text _builder_version=&#8220;4.22.1&#8243; _module_preset=&#8220;default&#8220; text_font_size=&#8220;16px&#8220; global_colors_info=&#8220;{}&#8220;]<\/p>\n<h3>Nadia Birkenstock &#8211; Vita<\/h3>\n<p>Nadia Birkenstock erhielt mit 5 Jahren ihren ersten Klavierunterricht und begegnete der keltischen Harfe erstmals mit 16 Jahren bei einem Konzert des schottischen Harfenduos \u201eSile\u00e0s\u201c. Sie erlernte daraufhin die keltische Harfe zun\u00e4chst autodidaktisch, sp\u00e4ter mit klassischem Unterricht.<\/p>\n<p>W\u00e4hrend Studiums an der Musikhochschule D\u00fcsseldorf (Studienfach Instrumentalp\u00e4dagogik mit Hauptfach Gesang) brachte sie ihre ersten Solo-Programme f\u00fcr keltische Harfe und Gesang auf die B\u00fchne. Heute tourt sie solo und in verschiedenen Besetzungen durch Deutschland und Europa mit Abstechern in die USA.<br \/>Sie hat zahlreiche CDs ver\u00f6ffentlicht. Die M\u00e4rchen-CD \u201eThe Enchanted Lake\u201c, die in Zusammenarbeit mit dem irischen Schauspieler Mick Fitzgerald entstand, wurde mit dem \u201eGlobal Music Award\u201c ausgezeichnet.<br \/>2023 gewann sie mit der Komposition \u201eL\u2019Esprit Vif\u201c den ersten Preis des vom \u201eVerband der Harfenisten in Deutschland\u201c ausgeschriebenen Kompositionswettbewerbs in der Kategorie Hakenharfe\/Einfachpedalharfe solo.<\/p>\n<p>[\/et_pb_text][\/et_pb_column][et_pb_column type=&#8220;1_2&#8243; _builder_version=&#8220;4.22.1&#8243; _module_preset=&#8220;default&#8220; global_colors_info=&#8220;{}&#8220;][et_pb_image src=&#8220;https:\/\/www.nadiabirkenstock.com\/de\/wp-content\/uploads\/sites\/2\/2024\/12\/Pressefoto_Schnee_hoch-scaled.jpg&#8220; alt=&#8220;Pressefoto_Schnee_hoch&#8220; title_text=&#8220;Pressefoto_Schnee_hoch&#8220; _builder_version=&#8220;4.22.1&#8243; _module_preset=&#8220;default&#8220; global_colors_info=&#8220;{}&#8220;][\/et_pb_image][et_pb_text _builder_version=&#8220;4.22.1&#8243; _module_preset=&#8220;default&#8220; global_colors_info=&#8220;{}&#8220;]<\/p>\n<p style=\"text-align: right;\">Photo: Ralf Kleemann<\/p>\n<p>[\/et_pb_text][\/et_pb_column][\/et_pb_row][\/et_pb_section]<\/p>\n","protected":false},"excerpt":{"rendered":"<p>\u201eA Light So Bright\u201c<br \/>\n&#8211; nominiert f\u00fcr den Preis der deutschen Schallplattenkritik 2025 &#8211; <\/p>\n","protected":false},"author":2,"featured_media":1380,"comment_status":"open","ping_status":"open","sticky":false,"template":"","format":"standard","meta":{"_et_pb_use_builder":"on","_et_pb_old_content":"","_et_gb_content_width":"","footnotes":""},"categories":[10,9],"tags":[],"class_list":["post-1292","post","type-post","status-publish","format-standard","has-post-thumbnail","hentry","category-spotify","category-veroeffentlichungen"],"_links":{"self":[{"href":"https:\/\/www.nadiabirkenstock.com\/de\/wp-json\/wp\/v2\/posts\/1292","targetHints":{"allow":["GET"]}}],"collection":[{"href":"https:\/\/www.nadiabirkenstock.com\/de\/wp-json\/wp\/v2\/posts"}],"about":[{"href":"https:\/\/www.nadiabirkenstock.com\/de\/wp-json\/wp\/v2\/types\/post"}],"author":[{"embeddable":true,"href":"https:\/\/www.nadiabirkenstock.com\/de\/wp-json\/wp\/v2\/users\/2"}],"replies":[{"embeddable":true,"href":"https:\/\/www.nadiabirkenstock.com\/de\/wp-json\/wp\/v2\/comments?post=1292"}],"version-history":[{"count":43,"href":"https:\/\/www.nadiabirkenstock.com\/de\/wp-json\/wp\/v2\/posts\/1292\/revisions"}],"predecessor-version":[{"id":1429,"href":"https:\/\/www.nadiabirkenstock.com\/de\/wp-json\/wp\/v2\/posts\/1292\/revisions\/1429"}],"wp:featuredmedia":[{"embeddable":true,"href":"https:\/\/www.nadiabirkenstock.com\/de\/wp-json\/wp\/v2\/media\/1380"}],"wp:attachment":[{"href":"https:\/\/www.nadiabirkenstock.com\/de\/wp-json\/wp\/v2\/media?parent=1292"}],"wp:term":[{"taxonomy":"category","embeddable":true,"href":"https:\/\/www.nadiabirkenstock.com\/de\/wp-json\/wp\/v2\/categories?post=1292"},{"taxonomy":"post_tag","embeddable":true,"href":"https:\/\/www.nadiabirkenstock.com\/de\/wp-json\/wp\/v2\/tags?post=1292"}],"curies":[{"name":"wp","href":"https:\/\/api.w.org\/{rel}","templated":true}]}}